{"id":2698,"date":"2017-04-27T15:43:20","date_gmt":"2017-04-27T14:43:20","guid":{"rendered":"http:\/\/www.richard-carrelages.com\/2017\/uncategorized\/27\/design-la-collection-hammam-par-monica-graffeo\/"},"modified":"2021-11-09T16:06:03","modified_gmt":"2021-11-09T15:06:03","slug":"design-la-collection-hammam-par-monica-graffeo","status":"publish","type":"post","link":"https:\/\/www.richard-carrelages.com\/en\/2698\/design-la-collection-hammam-par-monica-graffeo\/non-classifiee-en\/rc\/","title":{"rendered":"Design &#8211; La collection &#8220;Hammam&#8221; par Monica Graffeo"},"content":{"rendered":"<p>[vc_row][vc_column][vc_column_text]<em><strong>Qui est-elle ?<\/strong><\/em><\/p>\n<p>&nbsp;<\/p>\n<p>N\u00e9e en 1973 \u00e0\u00a0 Pordenone, elle a fr\u00e9quent\u00e9 un lyc\u00e9e classique exp\u00e9rimental, avant d&#8217;entrer \u00e0\u00a0 l&#8217;\u00e0\u2030cole Italienne de Design de Padoue. Elle a commenc\u00e9 \u00e0\u00a0 travailler en collaborant avec Fausto Boscariol puis avec Gabriele Centazzo de chez Valcucine.<\/p>\n<p>En 1998 elle se lance comme professionnelle ind\u00e9pendante et commence \u00e0\u00a0collaborer avec Kristalia.<\/p>\n<p>Depuis 1996 elle travaille \u00e0\u00a0 l&#8217;\u00e9cole &#8220;Scuola Italiana Design&#8221; de Padoue, au d\u00e9part comme assistante aux masters, et depuis quatre ans comme enseignante en m\u00e9thodes de recherche.<\/p>\n<p>En 2003, le syst\u00e0\u00a8me de si\u00e0\u00a8ges Boum, prod. Kristalia 2002, re\u00e7oit le premier prix Young&amp;Design. Elle\u00a0participera \u00e0\u00a0une section d&#8217;\u00e9t\u00e9 en Design Industriel \u00e0\u00a0la Domus Accademy, puis exposera ses projets dans le cadre du &#8220;Donna&amp;Design&#8221; lors du salon du meuble de Pesaro.<\/p>\n<p>En 2004, elle fait ses d\u00e9buts au salon satellite avec 806D et friends design team; la m\u00eame ann\u00e9e, sa chaise Mints, prod. Arflex International, re\u00e7oit le deux\u00e8me prix Young &amp; Design.<\/p>\n<p>&nbsp;<\/p>\n<p><em><strong>Sa collection Hammam \u00e0\u00a0 d\u00e9couvrir chez nous<\/strong><\/em><\/p>\n<p>&nbsp;<\/p>\n<p>La nouvelle collection Hammam \u00e9voque l&#8217;atmosph\u00e8re du Hamman et de l&#8217;onsen, la salle de bain japonaise: un lieu magique o\u00f9 les aspects sensoriels et fonctionnels sont compl\u00e9t\u00e9s par des significations plus profondes.<\/p>\n<p>Elle utilise l&#8217;argile rose cuite au four, le Corian blanc, et le marbre poli, ces mat\u00e9riaux cr\u00e9e un environnement serein dans la pi\u00e8ce. Un bain de bien-\u00eatre total gr\u00e2ce \u00e0\u00a0 un rev\u00eatement qui cr\u00e9e une continuit\u00e9 visuelle et fonctionnelle entre les \u00e9l\u00e9ments. La lumi\u00e8re diffuse et les couleurs chaudes rappellent la terre, le d\u00e9sert et la nature.<\/p>\n<p>La collection comprend les lavabos, les lambris, les cloisons, les planchers et les receveurs de douche. Les rev\u00eatements peuvent \u00eatre \u00e9quip\u00e9s d&#8217;\u00e9tag\u00e8res et vous permettent de trouver des solutions techniques pour les installations nouvelles ou existantes.[\/vc_column_text]<div class=\"clearfix\" style=\"height:50px;\"><\/div>[vc_row_inner][vc_column_inner width=&#8221;1\/3&#8243;][vc_single_image image=&#8221;3173&#8243; img_size=&#8221;200X200&#8243; alignment=&#8221;center&#8221; onclick=&#8221;img_link_large&#8221;][\/vc_column_inner][vc_column_inner width=&#8221;1\/3&#8243;][vc_single_image image=&#8221;2695&#8243; img_size=&#8221;200X200&#8243; alignment=&#8221;center&#8221; onclick=&#8221;img_link_large&#8221;][\/vc_column_inner][vc_column_inner width=&#8221;1\/3&#8243;][vc_single_image image=&#8221;2689&#8243; img_size=&#8221;200X200&#8243; alignment=&#8221;center&#8221; onclick=&#8221;img_link_large&#8221;][\/vc_column_inner][\/vc_row_inner][vc_row_inner][vc_column_inner width=&#8221;1\/2&#8243;][vc_single_image image=&#8221;2690&#8243; img_size=&#8221;200X200&#8243; alignment=&#8221;center&#8221; onclick=&#8221;img_link_large&#8221;][\/vc_column_inner][vc_column_inner width=&#8221;1\/2&#8243;][vc_single_image image=&#8221;2688&#8243; img_size=&#8221;200X200&#8243; alignment=&#8221;center&#8221; onclick=&#8221;img_link_large&#8221;][\/vc_column_inner][\/vc_row_inner][\/vc_column][\/vc_row]<\/p>\n","protected":false},"excerpt":{"rendered":"<p>[vc_row][vc_column][vc_column_text]Qui est-elle ? &nbsp; N\u00e9e en 1973 \u00e0\u00a0 Pordenone, elle a fr\u00e9quent\u00e9 un lyc\u00e9e classique exp\u00e9rimental, avant d&#8217;entrer \u00e0\u00a0 l&#8217;\u00e0\u2030cole Italienne de Design de Padoue. Elle a commenc\u00e9 \u00e0\u00a0 travailler en collaborant avec Fausto Boscariol puis avec Gabriele Centazzo de chez Valcucine. En 1998 elle se lance comme professionnelle ind\u00e9pendante et commence \u00e0\u00a0collaborer avec Kristalia. [&hellip;]<\/p>\n","protected":false},"author":1,"featured_media":3174,"comment_status":"closed","ping_status":"open","sticky":false,"template":"","format":"standard","meta":[],"categories":[44],"tags":[],"_links":{"self":[{"href":"https:\/\/www.richard-carrelages.com\/en\/wp-json\/wp\/v2\/posts\/2698"}],"collection":[{"href":"https:\/\/www.richard-carrelages.com\/en\/wp-json\/wp\/v2\/posts"}],"about":[{"href":"https:\/\/www.richard-carrelages.com\/en\/wp-json\/wp\/v2\/types\/post"}],"author":[{"embeddable":true,"href":"https:\/\/www.richard-carrelages.com\/en\/wp-json\/wp\/v2\/users\/1"}],"replies":[{"embeddable":true,"href":"https:\/\/www.richard-carrelages.com\/en\/wp-json\/wp\/v2\/comments?post=2698"}],"version-history":[{"count":4,"href":"https:\/\/www.richard-carrelages.com\/en\/wp-json\/wp\/v2\/posts\/2698\/revisions"}],"predecessor-version":[{"id":3191,"href":"https:\/\/www.richard-carrelages.com\/en\/wp-json\/wp\/v2\/posts\/2698\/revisions\/3191"}],"wp:featuredmedia":[{"embeddable":true,"href":"https:\/\/www.richard-carrelages.com\/en\/wp-json\/wp\/v2\/media\/3174"}],"wp:attachment":[{"href":"https:\/\/www.richard-carrelages.com\/en\/wp-json\/wp\/v2\/media?parent=2698"}],"wp:term":[{"taxonomy":"category","embeddable":true,"href":"https:\/\/www.richard-carrelages.com\/en\/wp-json\/wp\/v2\/categories?post=2698"},{"taxonomy":"post_tag","embeddable":true,"href":"https:\/\/www.richard-carrelages.com\/en\/wp-json\/wp\/v2\/tags?post=2698"}],"curies":[{"name":"wp","href":"https:\/\/api.w.org\/{rel}","templated":true}]}}