{"id":2225,"date":"2017-02-15T17:48:35","date_gmt":"2017-02-15T16:48:35","guid":{"rendered":"http:\/\/www.richard-carrelages.com\/2017\/uncategorized\/15\/focus-flavial-del-pra-la-star-bresilienne-du-design\/"},"modified":"2021-11-09T16:30:39","modified_gmt":"2021-11-09T15:30:39","slug":"focus-flavial-del-pra-la-star-bresilienne-du-design","status":"publish","type":"post","link":"https:\/\/www.richard-carrelages.com\/en\/2225\/focus-flavial-del-pra-la-star-bresilienne-du-design\/personnalites-en-2\/rc\/","title":{"rendered":"Focus &#8211; Flavia Del Pra, la star Br\u00e9silienne du design"},"content":{"rendered":"<p>[vc_row][vc_column width=&#8221;1\/1&#8243;][vc_column_text]<\/p>\n<h2>Flavia del Pra &amp; la c\u00e9ramique<\/h2>\n<p>&nbsp;<\/p>\n<p><em><strong>Qui est-elle?<\/strong><\/em><\/p>\n<p>Elle a \u00e9tudi\u00e9 la c\u00e9ramique et la cr\u00e9ation textile en Angleterre. De 2005 \u00e0\u00a0 2008, \u00e0\u00a0 Londres, elle a partag\u00e9 un atelier avec d&#8217;autres \u00ab cr\u00e9ateurs d&#8217;artisanat \u00bb. Install\u00e9e dans une ancienne fabrique de chocolat, elle a d\u00e9velopp\u00e9 une ligne &#8220;hand made&#8221; de lampes en c\u00e9ramiques, en exclusivit\u00e9 pour Anthropologie et Le Bon March\u00e9. Puis la structure de l&#8217;atelier artisanal de Flavia est devenue trop petite et la cr\u00e9atrice a introduit dans sa cha\u00eene diff\u00e9rents fabricants pour les divers \u00e9l\u00e9ments, en pr\u00e9servant toujours le travail manuel dans tout le processus de production. Elle a fait partie de l&#8217;\u00e9quipe de cr\u00e9ateurs de la Carlinga Arts de Londres. De retour au Br\u00e9sil en 2009, Flavia a mont\u00e9 son propre studio et a commenc\u00e9 \u00e0\u00a0 fabriquer ses carreaux de fa\u00efence, qui ont continuellement \u00e9t\u00e9 demand\u00e9s pour int\u00e9grer des projets r\u00e9sidentiels et institutionnels, au Br\u00e9sil comme \u00e0\u00a0 l&#8217;\u00e9tranger. En 2014, elle cr\u00e9e une nouvelle ligne : les plateaux supports, faits d&#8217;une structure en aluminium baign\u00e9e dans du cuivre et un plateau en c\u00e9ramique, avec des motifs qui s&#8217;entrem\u00ealent en un jeu infini et ludique. La collection a eu un succ\u00e9s imm\u00e9diat et nous pouvons d\u00e9sormais la trouver dans les magasins les plus prestigieux du monde.<\/p>\n<p>&nbsp;<\/p>\n<h3><em>Richard Carrelages vous r\u00e9serve une petite surprise avec Flavia del Pra d\u00e9s la rentr\u00e9e prochaine&#8230; \ud83d\ude09<\/em><\/h3>\n<p>&nbsp;<\/p>\n<h5><a href=\"http:\/\/www.flaviadelpra.com.br\/\"><span style=\"color: #993300;\">#FlaviadelPra<\/span><\/a><\/h5>\n<p>&nbsp;<\/p>\n<p>&nbsp;<\/p>\n<p><em><strong>Sa collaboration avec Gan Rugs<\/strong><\/em><\/p>\n<p>Gan Rugs est un concept fermement enracin\u00e9 dans le design et bas\u00e9 autour de produits faits \u00e0\u00a0 la main, ce qui les d\u00e9finit et les met \u00e0\u00a0 part est leur appr\u00e9ciation pour\u00a0les objets uniques.<\/p>\n<p>La collection de la Br\u00e9silienne pour l&#8217;\u00e9diteur est aussi fra\u00eeche, sophistiqu\u00e9e et gaie que le Br\u00e9sil, son pays d&#8217;origine. Elle ajoute une nouvelle torsion aux concepts classiques avec des formes novatrices, le cuivre et la c\u00e9ramique. Ses cr\u00e9ations donnent\u00a0une place de choix \u00e0 une oeuvre d&#8217;art, une charmante plante ou tout autre chose que vous choisirez&#8230; Trouvez l&#8217;endroit parfait et ajoutez un peu de plaisir quotidien \u00e0\u00a0votre maison.[\/vc_column_text]<div class=\"small-12 fount_gallery fount_no_link\"><div id=\"iso_gallery-963\" class=\"iso_folio shortcoded per_init fount_iso_gallery no_titles_gallery\" data-columns=\"4\" style=\"margin-right:-10px;\" data-margin=10><a href=\"\"><div class=\"portfolio_entry_li without_skills\" style=\"margin-bottom:10px;\" data-mfp-src=\"https:\/\/www.richard-carrelages.com\/wp-content\/uploads\/2017\/02\/3-click-mm-flavia-del-pra-contemporary-ceramics-cfile.jpg\" data-title=\"3-click-mm-flavia-del-pra-contemporary-ceramics-cfile\"><div class=\"grid_image_wrapper\"><div class=\"grid_single_title zero_color bd_headings_text_shadow\"><div class=\"prk_ttl\"><h3 class=\"header_font body_bk_color body_bk_text_shadow small\">3-click-mm-flavia-del-pra-contemporary-ceramics-cfile<\/h3><\/div> <\/div><div class=\"grid_colored_block\"><\/div><img src=\"https:\/\/www.richard-carrelages.com\/wp-content\/uploads\/2017\/02\/3-click-mm-flavia-del-pra-contemporary-ceramics-cfile-480x480.jpg\" width=\"480\" height=\"480\" class=\"custom-img grid_image\" alt=\"\" data-featured=\"no\" \/><\/div><\/div><\/a><a href=\"\"><div class=\"portfolio_entry_li without_skills\" style=\"margin-bottom:10px;\" data-mfp-src=\"https:\/\/www.richard-carrelages.com\/wp-content\/uploads\/2017\/02\/bandejas-flavia-del-pra5.jpg\" data-title=\"bandejas-flavia-del-pra5\"><div class=\"grid_image_wrapper\"><div class=\"grid_single_title zero_color bd_headings_text_shadow\"><div class=\"prk_ttl\"><h3 class=\"header_font body_bk_color body_bk_text_shadow small\">bandejas-flavia-del-pra5<\/h3><\/div> <\/div><div class=\"grid_colored_block\"><\/div><img src=\"https:\/\/www.richard-carrelages.com\/wp-content\/uploads\/2017\/02\/bandejas-flavia-del-pra5-480x480.jpg\" width=\"480\" height=\"480\" class=\"custom-img grid_image\" alt=\"\" data-featured=\"no\" \/><\/div><\/div><\/a><a href=\"\"><div class=\"portfolio_entry_li without_skills\" style=\"margin-bottom:10px;\" data-mfp-src=\"https:\/\/www.richard-carrelages.com\/wp-content\/uploads\/2017\/02\/decoracao_historiasdecasa_flaviadelpra_39.jpg\" data-title=\"decoracao_historiasdecasa_flaviadelpra_39\"><div class=\"grid_image_wrapper\"><div class=\"grid_single_title zero_color bd_headings_text_shadow\"><div class=\"prk_ttl\"><h3 class=\"header_font body_bk_color body_bk_text_shadow small\">decoracao_historiasdecasa_flaviadelpra_39<\/h3><\/div> <\/div><div class=\"grid_colored_block\"><\/div><img src=\"https:\/\/www.richard-carrelages.com\/wp-content\/uploads\/2017\/02\/decoracao_historiasdecasa_flaviadelpra_39-480x480.jpg\" width=\"480\" height=\"480\" class=\"custom-img grid_image\" alt=\"\" data-featured=\"no\" \/><\/div><\/div><\/a><a href=\"\"><div class=\"portfolio_entry_li without_skills\" style=\"margin-bottom:10px;\" data-mfp-src=\"https:\/\/www.richard-carrelages.com\/wp-content\/uploads\/2017\/02\/GAN-MM-trays-comp-1-detail-3-light.jpg\" data-title=\"GAN-MM-trays-comp-1-detail-3-light\"><div class=\"grid_image_wrapper\"><div class=\"grid_single_title zero_color bd_headings_text_shadow\"><div class=\"prk_ttl\"><h3 class=\"header_font body_bk_color body_bk_text_shadow small\">GAN-MM-trays-comp-1-detail-3-light<\/h3><\/div> <\/div><div class=\"grid_colored_block\"><\/div><img src=\"https:\/\/www.richard-carrelages.com\/wp-content\/uploads\/2017\/02\/GAN-MM-trays-comp-1-detail-3-light-480x480.jpg\" width=\"480\" height=\"480\" class=\"custom-img grid_image\" alt=\"\" data-featured=\"no\" \/><\/div><\/div><\/a><\/div><\/div><div class=\"clearfix\"><\/div><div class=\"clearfix\" style=\"height:50px;\"><\/div>[vc_column_text]<em><strong>Gan Rugs &amp; Patricia Urquiola<\/strong><\/em><\/p>\n<p>La c\u00e9l\u00e8bre designer espagnole a elle aussi collabor\u00e9 avec l&#8217;\u00e9diteur Gan Rugs, pour une collection de mobilier de salon : Canap\u00e9s, fauteuils, tapis&#8230; Toujours aux couleurs tr\u00e8s vitamin\u00e9es!<\/p>\n<p>D\u00e9couvrez <a href=\"https:\/\/www.richard-carrelages.com\/espace-pro\/\">ICI\u00a0<\/a>dans la rubrique &#8220;Espaces pros&#8221;, un projet pour lequel nous avons utilis\u00e9 ses cr\u00e9ations, dans la salle de r\u00e9union d&#8217;une &#8220;Folie Montpellieraine&#8221;.[\/vc_column_text]<div class=\"small-12 fount_gallery fount_no_link\"><div id=\"iso_gallery-104\" class=\"iso_folio shortcoded per_init fount_iso_gallery no_titles_gallery\" data-columns=\"3\" style=\"margin-right:-10px;\" data-margin=10><a href=\"\"><div class=\"portfolio_entry_li without_skills\" style=\"margin-bottom:10px;\" data-mfp-src=\"https:\/\/www.richard-carrelages.com\/wp-content\/uploads\/2017\/02\/39271_14.jpg\" data-title=\"39271_14\"><div class=\"grid_image_wrapper\"><div class=\"grid_single_title zero_color bd_headings_text_shadow\"><div class=\"prk_ttl\"><h3 class=\"header_font body_bk_color body_bk_text_shadow small\">39271_14<\/h3><\/div> <\/div><div class=\"grid_colored_block\"><\/div><img src=\"https:\/\/www.richard-carrelages.com\/wp-content\/uploads\/2017\/02\/39271_14-480x480.jpg\" width=\"480\" height=\"480\" class=\"custom-img grid_image\" alt=\"\" data-featured=\"no\" \/><\/div><\/div><\/a><a href=\"\"><div class=\"portfolio_entry_li without_skills\" style=\"margin-bottom:10px;\" data-mfp-src=\"https:\/\/www.richard-carrelages.com\/wp-content\/uploads\/2017\/02\/ddf095f84e54cc1c85f36f58515eae7e.jpg\" data-title=\"ddf095f84e54cc1c85f36f58515eae7e\"><div class=\"grid_image_wrapper\"><div class=\"grid_single_title zero_color bd_headings_text_shadow\"><div class=\"prk_ttl\"><h3 class=\"header_font body_bk_color body_bk_text_shadow small\">ddf095f84e54cc1c85f36f58515eae7e<\/h3><\/div> <\/div><div class=\"grid_colored_block\"><\/div><img src=\"https:\/\/www.richard-carrelages.com\/wp-content\/uploads\/2017\/02\/ddf095f84e54cc1c85f36f58515eae7e-480x480.jpg\" width=\"480\" height=\"480\" class=\"custom-img grid_image\" alt=\"\" data-featured=\"no\" \/><\/div><\/div><\/a><a href=\"\"><div class=\"portfolio_entry_li without_skills\" style=\"margin-bottom:10px;\" data-mfp-src=\"https:\/\/www.richard-carrelages.com\/wp-content\/uploads\/2017\/02\/Gan-Rugs-Composition-mangas-spaces-par-Patricia-Urquiola-1.jpg\" data-title=\"Gan-Rugs-Composition-mangas-spaces-par-Patricia-Urquiola-1\"><div class=\"grid_image_wrapper\"><div class=\"grid_single_title zero_color bd_headings_text_shadow\"><div class=\"prk_ttl\"><h3 class=\"header_font body_bk_color body_bk_text_shadow small\">Gan-Rugs-Composition-mangas-spaces-par-Patricia-Urquiola-1<\/h3><\/div> <\/div><div class=\"grid_colored_block\"><\/div><img src=\"https:\/\/www.richard-carrelages.com\/wp-content\/uploads\/2017\/02\/Gan-Rugs-Composition-mangas-spaces-par-Patricia-Urquiola-1-480x480.jpg\" width=\"480\" height=\"480\" class=\"custom-img grid_image\" alt=\"\" data-featured=\"no\" \/><\/div><\/div><\/a><\/div><\/div><div class=\"clearfix\"><\/div>[\/vc_column][\/vc_row]<\/p>\n","protected":false},"excerpt":{"rendered":"<p>[vc_row][vc_column width=&#8221;1\/1&#8243;][vc_column_text] Flavia del Pra &amp; la c\u00e9ramique &nbsp; Qui est-elle? Elle a \u00e9tudi\u00e9 la c\u00e9ramique et la cr\u00e9ation textile en Angleterre. De 2005 \u00e0\u00a0 2008, \u00e0\u00a0 Londres, elle a partag\u00e9 un atelier avec d&#8217;autres \u00ab cr\u00e9ateurs d&#8217;artisanat \u00bb. Install\u00e9e dans une ancienne fabrique de chocolat, elle a d\u00e9velopp\u00e9 une ligne &#8220;hand made&#8221; de lampes [&hellip;]<\/p>\n","protected":false},"author":1,"featured_media":3180,"comment_status":"open","ping_status":"open","sticky":false,"template":"","format":"standard","meta":[],"categories":[45],"tags":[],"_links":{"self":[{"href":"https:\/\/www.richard-carrelages.com\/en\/wp-json\/wp\/v2\/posts\/2225"}],"collection":[{"href":"https:\/\/www.richard-carrelages.com\/en\/wp-json\/wp\/v2\/posts"}],"about":[{"href":"https:\/\/www.richard-carrelages.com\/en\/wp-json\/wp\/v2\/types\/post"}],"author":[{"embeddable":true,"href":"https:\/\/www.richard-carrelages.com\/en\/wp-json\/wp\/v2\/users\/1"}],"replies":[{"embeddable":true,"href":"https:\/\/www.richard-carrelages.com\/en\/wp-json\/wp\/v2\/comments?post=2225"}],"version-history":[{"count":6,"href":"https:\/\/www.richard-carrelages.com\/en\/wp-json\/wp\/v2\/posts\/2225\/revisions"}],"predecessor-version":[{"id":3202,"href":"https:\/\/www.richard-carrelages.com\/en\/wp-json\/wp\/v2\/posts\/2225\/revisions\/3202"}],"wp:featuredmedia":[{"embeddable":true,"href":"https:\/\/www.richard-carrelages.com\/en\/wp-json\/wp\/v2\/media\/3180"}],"wp:attachment":[{"href":"https:\/\/www.richard-carrelages.com\/en\/wp-json\/wp\/v2\/media?parent=2225"}],"wp:term":[{"taxonomy":"category","embeddable":true,"href":"https:\/\/www.richard-carrelages.com\/en\/wp-json\/wp\/v2\/categories?post=2225"},{"taxonomy":"post_tag","embeddable":true,"href":"https:\/\/www.richard-carrelages.com\/en\/wp-json\/wp\/v2\/tags?post=2225"}],"curies":[{"name":"wp","href":"https:\/\/api.w.org\/{rel}","templated":true}]}}