{"id":1954,"date":"2017-01-13T16:03:42","date_gmt":"2017-01-13T15:03:42","guid":{"rendered":"http:\/\/www.richard-carrelages.com\/?p=1954\/"},"modified":"2021-11-09T16:35:45","modified_gmt":"2021-11-09T15:35:45","slug":"focus-paola-navone-la-diva-du-design","status":"publish","type":"post","link":"https:\/\/www.richard-carrelages.com\/en\/1954\/focus-paola-navone-la-diva-du-design\/personnalites-en-2\/rc\/","title":{"rendered":"Focus &#8211; Paola Navone, la diva du design"},"content":{"rendered":"<p>[vc_row][vc_column][vc_column_text]<\/p>\n<h2>Paola Navone &amp; le b\u00e9ton<\/h2>\n<p>&nbsp;<\/p>\n<p><em><strong>Qui est-elle? <\/strong><\/em><\/p>\n<p>N\u00e9e en 1950, l&#8217;architecte et designeuse italienne Paola Navone est une voyageuse. Elle se forme \u00e0 l&#8217;Ecole Polytechnique de Turin d&#8217;o\u00f9 elle sort avec une ma\u00eetrise en 1973. En 1979, elle int\u00e8gre le groupe de designers italiens Alchimia o\u00f9 elle fr\u00e9quente entre autres Ettore Sottsass et Andrea Branzi. Paola Navone obtient d\u00e8s 1983 une r\u00e9compense : l&#8217;\u00ab International Designer Award \u00bb \u00e0\u00a0Ozaka. De 1985 \u00e0 1988 elle travaille pour les Nations Unies comme consultante et voyage dans de nombreux pays comme la Malaisie, la Tha\u00eflande et l&#8217;Indon\u00e9sie. Ses voyages sont une source d&#8217;inspiration permanente dans son travail. D\u00e8s son retour, elle entame de nombreuses collaborations avec des maisons aussi prestigieuses que Knoll, Alessi ou Roche Bobois. Paola Navone est \u00e9galement directrice artistique de Gervasoni depuis 1988 et m\u00e8ne de front toutes ces carri\u00e8res. Son travail s&#8217;inspire de tout ce qui l&#8217;entoure et m\u00e9lange les styles traditionnels des pays qu&#8217;elle visite avec le design industriel.<\/p>\n<p>&nbsp;<\/p>\n<p><em><strong>Son travail autour du b\u00e9ton<\/strong><\/em><\/p>\n<p>Depuis quelques ann\u00e9es, Paola Navone d\u00e9core de nouvelles surfaces originales, les sols en b\u00e9ton. Encore peu connu, et peu os\u00e9, chez les particuliers, ce mat\u00e9riau est la star montante du design, elle en a fait son nouveau jouet. Du petit &#8220;tapis&#8221; simplement redessin\u00e9 au sol, au motif r\u00e9p\u00e9t\u00e9 sur des dizaines de m\u00e8tres carr\u00e9s, on vous laisse d\u00e9couvrir son travail en image&#8230;<\/p>\n<h5><a href=\"http:\/\/www.paolanavone.it\/\"><span style=\"color: #993300;\">#Paola Navone<\/span><\/a><\/h5>\n<p>[\/vc_column_text]<div class=\"small-12 fount_gallery fount_no_link\"><div id=\"iso_gallery-1036\" class=\"iso_folio shortcoded per_init fount_iso_gallery no_titles_gallery\" data-columns=\"5\" style=\"margin-right:-10px;\" data-margin=10><a href=\"\"><div class=\"portfolio_entry_li without_skills\" style=\"margin-bottom:10px;\" data-mfp-src=\"https:\/\/www.richard-carrelages.com\/wp-content\/uploads\/2017\/01\/358098.jpg\" data-title=\"358098\"><div class=\"grid_image_wrapper\"><div class=\"grid_single_title zero_color bd_headings_text_shadow\"><div class=\"prk_ttl\"><h3 class=\"header_font body_bk_color body_bk_text_shadow small\">358098<\/h3><\/div> <\/div><div class=\"grid_colored_block\"><\/div><img src=\"https:\/\/www.richard-carrelages.com\/wp-content\/uploads\/2017\/01\/358098-480x480.jpg\" width=\"480\" height=\"480\" class=\"custom-img grid_image\" alt=\"\" data-featured=\"no\" \/><\/div><\/div><\/a><a href=\"\"><div class=\"portfolio_entry_li without_skills\" style=\"margin-bottom:10px;\" data-mfp-src=\"https:\/\/www.richard-carrelages.com\/wp-content\/uploads\/2017\/01\/358100.jpg\" data-title=\"358100\"><div class=\"grid_image_wrapper\"><div class=\"grid_single_title zero_color bd_headings_text_shadow\"><div class=\"prk_ttl\"><h3 class=\"header_font body_bk_color body_bk_text_shadow small\">358100<\/h3><\/div> <\/div><div class=\"grid_colored_block\"><\/div><img src=\"https:\/\/www.richard-carrelages.com\/wp-content\/uploads\/2017\/01\/358100-480x480.jpg\" width=\"480\" height=\"480\" class=\"custom-img grid_image\" alt=\"\" data-featured=\"no\" \/><\/div><\/div><\/a><a href=\"\"><div class=\"portfolio_entry_li without_skills\" style=\"margin-bottom:10px;\" data-mfp-src=\"https:\/\/www.richard-carrelages.com\/wp-content\/uploads\/2017\/01\/f4e57f29b02fc31f605bf36efc6108c2.jpg\" data-title=\"f4e57f29b02fc31f605bf36efc6108c2\"><div class=\"grid_image_wrapper\"><div class=\"grid_single_title zero_color bd_headings_text_shadow\"><div class=\"prk_ttl\"><h3 class=\"header_font body_bk_color body_bk_text_shadow small\">f4e57f29b02fc31f605bf36efc6108c2<\/h3><\/div> <\/div><div class=\"grid_colored_block\"><\/div><img src=\"https:\/\/www.richard-carrelages.com\/wp-content\/uploads\/2017\/01\/f4e57f29b02fc31f605bf36efc6108c2-480x480.jpg\" width=\"480\" height=\"480\" class=\"custom-img grid_image\" alt=\"\" data-featured=\"no\" \/><\/div><\/div><\/a><a href=\"\"><div class=\"portfolio_entry_li without_skills\" style=\"margin-bottom:10px;\" data-mfp-src=\"https:\/\/www.richard-carrelages.com\/wp-content\/uploads\/2017\/01\/paola-navone-serifos_011.jpg\" data-title=\"paola-navone-serifos_011\"><div class=\"grid_image_wrapper\"><div class=\"grid_single_title zero_color bd_headings_text_shadow\"><div class=\"prk_ttl\"><h3 class=\"header_font body_bk_color body_bk_text_shadow small\">paola-navone-serifos_011<\/h3><\/div> <\/div><div class=\"grid_colored_block\"><\/div><img src=\"https:\/\/www.richard-carrelages.com\/wp-content\/uploads\/2017\/01\/paola-navone-serifos_011-480x480.jpg\" width=\"480\" height=\"480\" class=\"custom-img grid_image\" alt=\"\" data-featured=\"no\" \/><\/div><\/div><\/a><a href=\"\"><div class=\"portfolio_entry_li without_skills\" style=\"margin-bottom:10px;\" data-mfp-src=\"https:\/\/www.richard-carrelages.com\/wp-content\/uploads\/2017\/01\/paola-navone-serifos_013-287x374.jpg\" data-title=\"paola-navone-serifos_013-287x374\"><div class=\"grid_image_wrapper\"><div class=\"grid_single_title zero_color bd_headings_text_shadow\"><div class=\"prk_ttl\"><h3 class=\"header_font body_bk_color body_bk_text_shadow small\">paola-navone-serifos_013-287x374<\/h3><\/div> <\/div><div class=\"grid_colored_block\"><\/div><img src=\"https:\/\/www.richard-carrelages.com\/wp-content\/uploads\/2017\/01\/paola-navone-serifos_013-287x374-480x480.jpg\" width=\"480\" height=\"480\" class=\"custom-img grid_image\" alt=\"\" data-featured=\"no\" \/><\/div><\/div><\/a><\/div><\/div><div class=\"clearfix\"><\/div><div class=\"clearfix\" style=\"height:45px;\"><\/div>[vc_column_text]<em><strong>D&#8217;autres id\u00e9es en b\u00e9ton \ud83d\ude09<\/strong><\/em><\/p>\n<p>Le b\u00e9ton peut se d\u00e9cliner partout et dans tout types de rev\u00eatements, mobilier&#8230;. On vous laisse d\u00e9couvrir notre s\u00e9lection de sols et d&#8217;objets en image.[\/vc_column_text]<div class=\"small-12 fount_gallery fount_no_link\"><div id=\"iso_gallery-272\" class=\"iso_folio shortcoded per_init fount_iso_gallery no_titles_gallery\" data-columns=\"5\" style=\"margin-right:-10px;\" data-margin=10><a href=\"\"><div class=\"portfolio_entry_li without_skills\" style=\"margin-bottom:10px;\" data-mfp-src=\"https:\/\/www.richard-carrelages.com\/wp-content\/uploads\/2017\/01\/1a0ac6c3108d22d517c3c32a5b59a3ac.jpg\" data-title=\"1a0ac6c3108d22d517c3c32a5b59a3ac\"><div class=\"grid_image_wrapper\"><div class=\"grid_single_title zero_color bd_headings_text_shadow\"><div class=\"prk_ttl\"><h3 class=\"header_font body_bk_color body_bk_text_shadow small\">1a0ac6c3108d22d517c3c32a5b59a3ac<\/h3><\/div> <\/div><div class=\"grid_colored_block\"><\/div><img src=\"https:\/\/www.richard-carrelages.com\/wp-content\/uploads\/2017\/01\/1a0ac6c3108d22d517c3c32a5b59a3ac-480x480.jpg\" width=\"480\" height=\"480\" class=\"custom-img grid_image\" alt=\"\" data-featured=\"no\" \/><\/div><\/div><\/a><a href=\"\"><div class=\"portfolio_entry_li without_skills\" style=\"margin-bottom:10px;\" data-mfp-src=\"https:\/\/www.richard-carrelages.com\/wp-content\/uploads\/2017\/01\/artoff550.jpg\" data-title=\"artoff550\"><div class=\"grid_image_wrapper\"><div class=\"grid_single_title zero_color bd_headings_text_shadow\"><div class=\"prk_ttl\"><h3 class=\"header_font body_bk_color body_bk_text_shadow small\">artoff550<\/h3><\/div> <\/div><div class=\"grid_colored_block\"><\/div><img src=\"https:\/\/www.richard-carrelages.com\/wp-content\/uploads\/2017\/01\/artoff550-480x480.jpg\" width=\"480\" height=\"480\" class=\"custom-img grid_image\" alt=\"\" data-featured=\"no\" \/><\/div><\/div><\/a><a href=\"\"><div class=\"portfolio_entry_li without_skills\" style=\"margin-bottom:10px;\" data-mfp-src=\"https:\/\/www.richard-carrelages.com\/wp-content\/uploads\/2017\/01\/brontolo_matteo-ugolini_karman_se683n3-ext_luminaire_lighting_design_signed-19937-product.jpg\" data-title=\"brontolo_matteo-ugolini_karman_se683n3-ext_luminaire_lighting_design_signed-19937-product\"><div class=\"grid_image_wrapper\"><div class=\"grid_single_title zero_color bd_headings_text_shadow\"><div class=\"prk_ttl\"><h3 class=\"header_font body_bk_color body_bk_text_shadow small\">brontolo_matteo-ugolini_karman_se683n3-ext_luminaire_lighting_design_signed-19937-product<\/h3><\/div> <\/div><div class=\"grid_colored_block\"><\/div><img src=\"https:\/\/www.richard-carrelages.com\/wp-content\/uploads\/2017\/01\/brontolo_matteo-ugolini_karman_se683n3-ext_luminaire_lighting_design_signed-19937-product-480x480.jpg\" width=\"480\" height=\"480\" class=\"custom-img grid_image\" alt=\"\" data-featured=\"no\" \/><\/div><\/div><\/a><a href=\"\"><div class=\"portfolio_entry_li without_skills\" style=\"margin-bottom:10px;\" data-mfp-src=\"https:\/\/www.richard-carrelages.com\/wp-content\/uploads\/2017\/01\/supension-beton-serax-1.jpg\" data-title=\"supension-beton-serax-1\"><div class=\"grid_image_wrapper\"><div class=\"grid_single_title zero_color bd_headings_text_shadow\"><div class=\"prk_ttl\"><h3 class=\"header_font body_bk_color body_bk_text_shadow small\">supension-beton-serax-1<\/h3><\/div> <\/div><div class=\"grid_colored_block\"><\/div><img src=\"https:\/\/www.richard-carrelages.com\/wp-content\/uploads\/2017\/01\/supension-beton-serax-1-480x480.jpg\" width=\"480\" height=\"480\" class=\"custom-img grid_image\" alt=\"\" data-featured=\"no\" \/><\/div><\/div><\/a><a href=\"\"><div class=\"portfolio_entry_li without_skills\" style=\"margin-bottom:10px;\" data-mfp-src=\"https:\/\/www.richard-carrelages.com\/wp-content\/uploads\/2017\/01\/suspension-beton-serax-2.jpg\" data-title=\"suspension-beton-serax-2\"><div class=\"grid_image_wrapper\"><div class=\"grid_single_title zero_color bd_headings_text_shadow\"><div class=\"prk_ttl\"><h3 class=\"header_font body_bk_color body_bk_text_shadow small\">suspension-beton-serax-2<\/h3><\/div> <\/div><div class=\"grid_colored_block\"><\/div><img src=\"https:\/\/www.richard-carrelages.com\/wp-content\/uploads\/2017\/01\/suspension-beton-serax-2-480x480.jpg\" width=\"480\" height=\"480\" class=\"custom-img grid_image\" alt=\"\" data-featured=\"no\" \/><\/div><\/div><\/a><\/div><\/div><div class=\"clearfix\"><\/div><div class=\"small-12 fount_gallery fount_no_link\"><div id=\"iso_gallery-1264\" class=\"iso_folio shortcoded per_init fount_iso_gallery no_titles_gallery\" data-columns=\"4\" style=\"margin-right:-10px;\" data-margin=10><a href=\"\"><div class=\"portfolio_entry_li without_skills\" style=\"margin-bottom:10px;\" data-mfp-src=\"https:\/\/www.richard-carrelages.com\/wp-content\/uploads\/2017\/01\/70679-9019332.jpg\" data-title=\"Indoor tile \/ living room \/ floor \/ ceramic\"><div class=\"grid_image_wrapper\"><div class=\"grid_single_title zero_color bd_headings_text_shadow\"><div class=\"prk_ttl\"><h3 class=\"header_font body_bk_color body_bk_text_shadow small\">Indoor tile \/ living room \/ floor \/ ceramic<\/h3><\/div> <\/div><div class=\"grid_colored_block\"><\/div><img src=\"https:\/\/www.richard-carrelages.com\/wp-content\/uploads\/2017\/01\/70679-9019332-480x480.jpg\" width=\"480\" height=\"480\" class=\"custom-img grid_image\" alt=\"\" data-featured=\"no\" \/><\/div><\/div><\/a><a href=\"\"><div class=\"portfolio_entry_li without_skills\" style=\"margin-bottom:10px;\" data-mfp-src=\"https:\/\/www.richard-carrelages.com\/wp-content\/uploads\/2017\/01\/DIAMETRO35-INOX-CONCRETE-RUBINETTERIE-RITMONIO-240946-relb563aec7.jpg\" data-title=\"DIAMETRO35-INOX-CONCRETE-RUBINETTERIE-RITMONIO-240946-relb563aec7\"><div class=\"grid_image_wrapper\"><div class=\"grid_single_title zero_color bd_headings_text_shadow\"><div class=\"prk_ttl\"><h3 class=\"header_font body_bk_color body_bk_text_shadow small\">DIAMETRO35-INOX-CONCRETE-RUBINETTERIE-RITMONIO-240946-relb563aec7<\/h3><\/div> <\/div><div class=\"grid_colored_block\"><\/div><img src=\"https:\/\/www.richard-carrelages.com\/wp-content\/uploads\/2017\/01\/DIAMETRO35-INOX-CONCRETE-RUBINETTERIE-RITMONIO-240946-relb563aec7-480x480.jpg\" width=\"480\" height=\"480\" class=\"custom-img grid_image\" alt=\"\" data-featured=\"no\" \/><\/div><\/div><\/a><a href=\"\"><div class=\"portfolio_entry_li without_skills\" style=\"margin-bottom:10px;\" data-mfp-src=\"https:\/\/www.richard-carrelages.com\/wp-content\/uploads\/2017\/01\/portland_3_amb_02.jpg\" data-title=\"portland_3_amb_02\"><div class=\"grid_image_wrapper\"><div class=\"grid_single_title zero_color bd_headings_text_shadow\"><div class=\"prk_ttl\"><h3 class=\"header_font body_bk_color body_bk_text_shadow small\">portland_3_amb_02<\/h3><\/div> <\/div><div class=\"grid_colored_block\"><\/div><img src=\"https:\/\/www.richard-carrelages.com\/wp-content\/uploads\/2017\/01\/portland_3_amb_02-480x480.jpg\" width=\"480\" height=\"480\" class=\"custom-img grid_image\" alt=\"\" data-featured=\"no\" \/><\/div><\/div><\/a><a href=\"\"><div class=\"portfolio_entry_li without_skills\" style=\"margin-bottom:10px;\" data-mfp-src=\"https:\/\/www.richard-carrelages.com\/wp-content\/uploads\/2017\/01\/Ritmonio-Concrete-Taps.jpg\" data-title=\"Ritmonio-Concrete-Taps\"><div class=\"grid_image_wrapper\"><div class=\"grid_single_title zero_color bd_headings_text_shadow\"><div class=\"prk_ttl\"><h3 class=\"header_font body_bk_color body_bk_text_shadow small\">Ritmonio-Concrete-Taps<\/h3><\/div> <\/div><div class=\"grid_colored_block\"><\/div><img src=\"https:\/\/www.richard-carrelages.com\/wp-content\/uploads\/2017\/01\/Ritmonio-Concrete-Taps-480x480.jpg\" width=\"480\" height=\"480\" class=\"custom-img grid_image\" alt=\"\" data-featured=\"no\" \/><\/div><\/div><\/a><\/div><\/div><div class=\"clearfix\"><\/div>[\/vc_column][\/vc_row][vc_row][vc_column width=&#8221;1\/1&#8243;][\/vc_column][\/vc_row]<\/p>\n","protected":false},"excerpt":{"rendered":"<p>[vc_row][vc_column][vc_column_text] Paola Navone &amp; le b\u00e9ton &nbsp; Qui est-elle? N\u00e9e en 1950, l&#8217;architecte et designeuse italienne Paola Navone est une voyageuse. Elle se forme \u00e0 l&#8217;Ecole Polytechnique de Turin d&#8217;o\u00f9 elle sort avec une ma\u00eetrise en 1973. En 1979, elle int\u00e8gre le groupe de designers italiens Alchimia o\u00f9 elle fr\u00e9quente entre autres Ettore Sottsass et [&hellip;]<\/p>\n","protected":false},"author":1,"featured_media":3183,"comment_status":"closed","ping_status":"open","sticky":false,"template":"","format":"standard","meta":[],"categories":[45],"tags":[],"_links":{"self":[{"href":"https:\/\/www.richard-carrelages.com\/en\/wp-json\/wp\/v2\/posts\/1954"}],"collection":[{"href":"https:\/\/www.richard-carrelages.com\/en\/wp-json\/wp\/v2\/posts"}],"about":[{"href":"https:\/\/www.richard-carrelages.com\/en\/wp-json\/wp\/v2\/types\/post"}],"author":[{"embeddable":true,"href":"https:\/\/www.richard-carrelages.com\/en\/wp-json\/wp\/v2\/users\/1"}],"replies":[{"embeddable":true,"href":"https:\/\/www.richard-carrelages.com\/en\/wp-json\/wp\/v2\/comments?post=1954"}],"version-history":[{"count":2,"href":"https:\/\/www.richard-carrelages.com\/en\/wp-json\/wp\/v2\/posts\/1954\/revisions"}],"predecessor-version":[{"id":3205,"href":"https:\/\/www.richard-carrelages.com\/en\/wp-json\/wp\/v2\/posts\/1954\/revisions\/3205"}],"wp:featuredmedia":[{"embeddable":true,"href":"https:\/\/www.richard-carrelages.com\/en\/wp-json\/wp\/v2\/media\/3183"}],"wp:attachment":[{"href":"https:\/\/www.richard-carrelages.com\/en\/wp-json\/wp\/v2\/media?parent=1954"}],"wp:term":[{"taxonomy":"category","embeddable":true,"href":"https:\/\/www.richard-carrelages.com\/en\/wp-json\/wp\/v2\/categories?post=1954"},{"taxonomy":"post_tag","embeddable":true,"href":"https:\/\/www.richard-carrelages.com\/en\/wp-json\/wp\/v2\/tags?post=1954"}],"curies":[{"name":"wp","href":"https:\/\/api.w.org\/{rel}","templated":true}]}}